{"id":1838,"date":"2026-08-25T14:12:50","date_gmt":"2026-08-25T17:12:50","guid":{"rendered":"https:\/\/profartes.eba.ufmg.br\/?p=1838"},"modified":"2026-09-01T15:37:25","modified_gmt":"2026-09-01T18:37:25","slug":"editalprofartes-2026","status":"publish","type":"post","link":"https:\/\/profartes.eba.ufmg.br\/index.php\/2026\/08\/25\/editalprofartes-2026\/","title":{"rendered":"EDITALPROFARTES 2026"},"content":{"rendered":"\n<p class=\"wp-block-paragraph\">EXAME NACIONAL DE ACESSO AO CURSO DE<br>MESTRADO PROFISSIONAL EM ARTES<\/p>\n\n\n\n<div data-wp-interactive=\"core\/file\" class=\"wp-block-file\"><object data-wp-bind--hidden=\"!state.hasPdfPreview\" hidden class=\"wp-block-file__embed\" data=\"https:\/\/profartes.eba.ufmg.br\/wp-content\/uploads\/2026\/08\/Edital-porfartes-2026-versao-19-08-2026.pdf\" type=\"application\/pdf\" style=\"width:100%;height:600px\" aria-label=\"Incorporado de Edital porfartes 2026 - versao 19 08 2026.\"><\/object><a id=\"wp-block-file--media-822def1d-477c-4e04-b7ac-2a331b19330d\" href=\"https:\/\/profartes.eba.ufmg.br\/wp-content\/uploads\/2026\/08\/Edital-porfartes-2026-versao-19-08-2026.pdf\">Edital porfartes 2026 &#8211; versao 19 08 2026<\/a><a href=\"https:\/\/profartes.eba.ufmg.br\/wp-content\/uploads\/2026\/08\/Edital-porfartes-2026-versao-19-08-2026.pdf\" class=\"wp-block-file__button wp-element-button\" download aria-describedby=\"wp-block-file--media-822def1d-477c-4e04-b7ac-2a331b19330d\">Baixar<\/a><\/div>\n\n\n\n<p class=\"wp-block-paragraph\"><\/p>\n\n\n\n<p class=\"wp-block-paragraph\">O link para as inscri\u00e7\u00f5es ser\u00e1 disponibilizado atrav\u00e9s do site:<br><a href=\"https:\/\/profartes-selecao.eba.ufmg.br\/\" data-type=\"page\" data-id=\"1841\" target=\"_blank\" rel=\"noopener\">Processos Seletivos &#8211; ProfArtes EBA\/UFMG<\/a><\/p>\n\n\n\n<p class=\"wp-block-paragraph\">Prezados candidatos, de prefer\u00eancia, utilizem uma conta do Gmail para se cadastrar no processo seletivo, a fim de evitar problemas na ativa\u00e7\u00e3o da conta. Qualquer <strong><em>problema t\u00e9cnico<\/em><\/strong>, por gentileza, encaminhem para juniocv@ufmg.br<\/p>\n\n\n\n<p class=\"wp-block-paragraph\"><\/p>\n","protected":false},"excerpt":{"rendered":"<p>EXAME NACIONAL DE ACESSO AO CURSO DEMESTRADO PROFISSIONAL EM ARTES O link para as inscri\u00e7\u00f5es ser\u00e1 disponibilizado atrav\u00e9s do site:Processos Seletivos &#8211; ProfArtes EBA\/UFMG Prezados candidatos, de prefer\u00eancia, utilizem uma conta do Gmail para se cadastrar no processo seletivo, a fim de evitar problemas na ativa\u00e7\u00e3o da conta. Qualquer problema t\u00e9cnico, por gentileza, encaminhem para &hellip; <a href=\"https:\/\/profartes.eba.ufmg.br\/index.php\/2026\/08\/25\/editalprofartes-2026\/\" class=\"more-link\">Continuar lendo <span class=\"screen-reader-text\">EDITALPROFARTES 2026<\/span><\/a><\/p>\n","protected":false},"author":1,"featured_media":0,"comment_status":"closed","ping_status":"closed","sticky":false,"template":"","format":"standard","meta":{"_uag_custom_page_level_css":"","footnotes":""},"categories":[1],"tags":[],"class_list":["post-1838","post","type-post","status-publish","format-standard","hentry","category-sem-categoria"],"uagb_featured_image_src":{"full":false,"thumbnail":false,"medium":false,"medium_large":false,"large":false,"1536x1536":false,"2048x2048":false,"post-thumbnail":false},"uagb_author_info":{"display_name":"ProfArtes","author_link":"https:\/\/profartes.eba.ufmg.br\/index.php\/author\/adminprofartes\/"},"uagb_comment_info":0,"uagb_excerpt":"EXAME NACIONAL DE ACESSO AO CURSO DEMESTRADO PROFISSIONAL EM ARTES O link para as inscri\u00e7\u00f5es ser\u00e1 disponibilizado atrav\u00e9s do site:Processos Seletivos &#8211; ProfArtes EBA\/UFMG Prezados candidatos, de prefer\u00eancia, utilizem uma conta do Gmail para se cadastrar no processo seletivo, a fim de evitar problemas na ativa\u00e7\u00e3o da conta. Qualquer problema t\u00e9cnico, por gentileza, encaminhem para&hellip;","_links":{"self":[{"href":"https:\/\/profartes.eba.ufmg.br\/index.php\/wp-json\/wp\/v2\/posts\/1838","targetHints":{"allow":["GET"]}}],"collection":[{"href":"https:\/\/profartes.eba.ufmg.br\/index.php\/wp-json\/wp\/v2\/posts"}],"about":[{"href":"https:\/\/profartes.eba.ufmg.br\/index.php\/wp-json\/wp\/v2\/types\/post"}],"author":[{"embeddable":true,"href":"https:\/\/profartes.eba.ufmg.br\/index.php\/wp-json\/wp\/v2\/users\/1"}],"replies":[{"embeddable":true,"href":"https:\/\/profartes.eba.ufmg.br\/index.php\/wp-json\/wp\/v2\/comments?post=1838"}],"version-history":[{"count":7,"href":"https:\/\/profartes.eba.ufmg.br\/index.php\/wp-json\/wp\/v2\/posts\/1838\/revisions"}],"predecessor-version":[{"id":1847,"href":"https:\/\/profartes.eba.ufmg.br\/index.php\/wp-json\/wp\/v2\/posts\/1838\/revisions\/1847"}],"wp:attachment":[{"href":"https:\/\/profartes.eba.ufmg.br\/index.php\/wp-json\/wp\/v2\/media?parent=1838"}],"wp:term":[{"taxonomy":"category","embeddable":true,"href":"https:\/\/profartes.eba.ufmg.br\/index.php\/wp-json\/wp\/v2\/categories?post=1838"},{"taxonomy":"post_tag","embeddable":true,"href":"https:\/\/profartes.eba.ufmg.br\/index.php\/wp-json\/wp\/v2\/tags?post=1838"}],"curies":[{"name":"wp","href":"https:\/\/api.w.org\/{rel}","templated":true}]}}